{"id":2315,"date":"2016-04-10T23:19:45","date_gmt":"2016-04-10T20:19:45","guid":{"rendered":"https:\/\/www.amfikaia.gr\/?p=2315"},"modified":"2016-04-11T00:53:33","modified_gmt":"2016-04-10T21:53:33","slug":"liksi-festival-kitharas-amfikaia-2016","status":"publish","type":"post","link":"https:\/\/www.amfikaia.gr\/de\/liksi-festival-kitharas-amfikaia-2016\/","title":{"rendered":"End Amfikaia Gitarrenfestival 2016!"},"content":{"rendered":"<p><span id=\"result_box\" class=\"\" lang=\"de\">Abgeschlossen am Samstag, 9. April 2016, dem zweiten Guitar Festival Amfikaia.<\/span><\/p>\n<p>Im Konzert erschien in Partnerschaft, die junge preisgekr\u00f6nte Gitarrist Katerina Karioti (Professor f\u00fcr Gitarre des St\u00e4dtischen Konservatorium von Nizza &#8211; Rendi), dem international renommierten Solisten Michael Sourvinos (Superintendent Schule Gitarre St\u00e4dtischen Konservatorium von Nizza &#8211; Redi) und k\u00fcnstlerischer Leiter des Festivals und dem St\u00e4dtischen Konservatorium von Nizza Rendi, Stelios Gkolgkaris.<\/p>\n<p><span class=\"\">Vielen Dank f\u00fcr<\/span> Ihre Unterst\u00fctzung bedeutet, dass die Belegung der H\u00e4user alle Festwochen .<\/p>\n<p><!-- index.php -->\n<div\n\tclass=\"ngg-galleryoverview\n\t ngg-ajax-pagination-none\t\"\n\tid=\"ngg-gallery-91f35999623526172f45610ba20ad095-1\">\n\n\t\t\t<!-- Thumbnails -->\n\t\t\t\t<div id=\"ngg-image-0\" class=\"ngg-gallery-thumbnail-box\" \n\t\t\t\t\t\t\t\t\t\t\t>\n\t\t\t\t\t\t<div class=\"ngg-gallery-thumbnail\">\n\t\t\t<a href=\"https:\/\/www.amfikaia.gr\/wp-content\/gallery\/lixi-festival-kitharas-2016\/DSC07081.jpg\"\n\t\t\t\ttitle=\"\"\n\t\t\t\tdata-src=\"https:\/\/www.amfikaia.gr\/wp-content\/gallery\/lixi-festival-kitharas-2016\/DSC07081.jpg\"\n\t\t\t\tdata-thumbnail=\"https:\/\/www.amfikaia.gr\/wp-content\/gallery\/lixi-festival-kitharas-2016\/thumbs\/thumbs_DSC07081.jpg\"\n\t\t\t\tdata-image-id=\"1939\"\n\t\t\t\tdata-title=\"DSC07081\"\n\t\t\t\tdata-description=\"\"\n\t\t\t\tdata-image-slug=\"dsc07081\"\n\t\t\t\tclass=\"shutterset_91f35999623526172f45610ba20ad095\">\n\t\t\t\t<img\n\t\t\t\t\ttitle=\"DSC07081\"\n\t\t\t\t\talt=\"DSC07081\"\n\t\t\t\t\tsrc=\"https:\/\/www.amfikaia.gr\/wp-content\/gallery\/lixi-festival-kitharas-2016\/thumbs\/thumbs_DSC07081.jpg\"\n\t\t\t\t\twidth=\"128\"\n\t\t\t\t\theight=\"70\"\n\t\t\t\t\tstyle=\"max-width:100%;\"\n\t\t\t\t\/>\n\t\t\t<\/a>\n\t\t<\/div>\n\t\t\t\t\t\t\t<\/div> \n\t\t\t\n\t\t\n\t\t\t\t<div id=\"ngg-image-1\" class=\"ngg-gallery-thumbnail-box\" \n\t\t\t\t\t\t\t\t\t\t\t>\n\t\t\t\t\t\t<div class=\"ngg-gallery-thumbnail\">\n\t\t\t<a href=\"https:\/\/www.amfikaia.gr\/wp-content\/gallery\/lixi-festival-kitharas-2016\/DSC07127.jpg\"\n\t\t\t\ttitle=\"\"\n\t\t\t\tdata-src=\"https:\/\/www.amfikaia.gr\/wp-content\/gallery\/lixi-festival-kitharas-2016\/DSC07127.jpg\"\n\t\t\t\tdata-thumbnail=\"https:\/\/www.amfikaia.gr\/wp-content\/gallery\/lixi-festival-kitharas-2016\/thumbs\/thumbs_DSC07127.jpg\"\n\t\t\t\tdata-image-id=\"1940\"\n\t\t\t\tdata-title=\"DSC07127\"\n\t\t\t\tdata-description=\"\"\n\t\t\t\tdata-image-slug=\"dsc07127\"\n\t\t\t\tclass=\"shutterset_91f35999623526172f45610ba20ad095\">\n\t\t\t\t<img\n\t\t\t\t\ttitle=\"DSC07127\"\n\t\t\t\t\talt=\"DSC07127\"\n\t\t\t\t\tsrc=\"https:\/\/www.amfikaia.gr\/wp-content\/gallery\/lixi-festival-kitharas-2016\/thumbs\/thumbs_DSC07127.jpg\"\n\t\t\t\t\twidth=\"128\"\n\t\t\t\t\theight=\"70\"\n\t\t\t\t\tstyle=\"max-width:100%;\"\n\t\t\t\t\/>\n\t\t\t<\/a>\n\t\t<\/div>\n\t\t\t\t\t\t\t<\/div> \n\t\t\t\n\t\t\n\t\t\t\t<div id=\"ngg-image-2\" class=\"ngg-gallery-thumbnail-box\" \n\t\t\t\t\t\t\t\t\t\t\t>\n\t\t\t\t\t\t<div class=\"ngg-gallery-thumbnail\">\n\t\t\t<a href=\"https:\/\/www.amfikaia.gr\/wp-content\/gallery\/lixi-festival-kitharas-2016\/DSC07130.jpg\"\n\t\t\t\ttitle=\"\"\n\t\t\t\tdata-src=\"https:\/\/www.amfikaia.gr\/wp-content\/gallery\/lixi-festival-kitharas-2016\/DSC07130.jpg\"\n\t\t\t\tdata-thumbnail=\"https:\/\/www.amfikaia.gr\/wp-content\/gallery\/lixi-festival-kitharas-2016\/thumbs\/thumbs_DSC07130.jpg\"\n\t\t\t\tdata-image-id=\"1941\"\n\t\t\t\tdata-title=\"DSC07130\"\n\t\t\t\tdata-description=\"\"\n\t\t\t\tdata-image-slug=\"dsc07130\"\n\t\t\t\tclass=\"shutterset_91f35999623526172f45610ba20ad095\">\n\t\t\t\t<img\n\t\t\t\t\ttitle=\"DSC07130\"\n\t\t\t\t\talt=\"DSC07130\"\n\t\t\t\t\tsrc=\"https:\/\/www.amfikaia.gr\/wp-content\/gallery\/lixi-festival-kitharas-2016\/thumbs\/thumbs_DSC07130.jpg\"\n\t\t\t\t\twidth=\"128\"\n\t\t\t\t\theight=\"70\"\n\t\t\t\t\tstyle=\"max-width:100%;\"\n\t\t\t\t\/>\n\t\t\t<\/a>\n\t\t<\/div>\n\t\t\t\t\t\t\t<\/div> \n\t\t\t\n\t\t\n\t\t\t\t<div id=\"ngg-image-3\" class=\"ngg-gallery-thumbnail-box\" \n\t\t\t\t\t\t\t\t\t\t\t>\n\t\t\t\t\t\t<div class=\"ngg-gallery-thumbnail\">\n\t\t\t<a href=\"https:\/\/www.amfikaia.gr\/wp-content\/gallery\/lixi-festival-kitharas-2016\/DSC07150.jpg\"\n\t\t\t\ttitle=\"\"\n\t\t\t\tdata-src=\"https:\/\/www.amfikaia.gr\/wp-content\/gallery\/lixi-festival-kitharas-2016\/DSC07150.jpg\"\n\t\t\t\tdata-thumbnail=\"https:\/\/www.amfikaia.gr\/wp-content\/gallery\/lixi-festival-kitharas-2016\/thumbs\/thumbs_DSC07150.jpg\"\n\t\t\t\tdata-image-id=\"1942\"\n\t\t\t\tdata-title=\"DSC07150\"\n\t\t\t\tdata-description=\"\"\n\t\t\t\tdata-image-slug=\"dsc07150\"\n\t\t\t\tclass=\"shutterset_91f35999623526172f45610ba20ad095\">\n\t\t\t\t<img\n\t\t\t\t\ttitle=\"DSC07150\"\n\t\t\t\t\talt=\"DSC07150\"\n\t\t\t\t\tsrc=\"https:\/\/www.amfikaia.gr\/wp-content\/gallery\/lixi-festival-kitharas-2016\/thumbs\/thumbs_DSC07150.jpg\"\n\t\t\t\t\twidth=\"128\"\n\t\t\t\t\theight=\"70\"\n\t\t\t\t\tstyle=\"max-width:100%;\"\n\t\t\t\t\/>\n\t\t\t<\/a>\n\t\t<\/div>\n\t\t\t\t\t\t\t<\/div> \n\t\t\t\n\t\t\n\t\t\n\t\t<div class=\"ngg-clear\"><\/div>\n\t<\/div>\n<\/p>\n<p><iframe loading=\"lazy\" width=\"500\" height=\"281\" src=\"https:\/\/www.youtube.com\/embed\/WV8QYuBaX2Q?feature=oembed\" frameborder=\"0\" allowfullscreen><\/iframe><\/p>\n<p>&nbsp;<\/p>","protected":false},"excerpt":{"rendered":"<p>Abgeschlossen am Samstag, 9. April 2016, dem zweiten Guitar Festival Amfikaia. Im Konzert erschien in Partnerschaft, die junge preisgekr\u00f6nte Gitarrist Katerina Karioti (Professor f\u00fcr Gitarre des St\u00e4dtischen Konservatorium von Nizza &#8211; Rendi), dem international renommierten Solisten Michael Sourvinos (Superintendent Schule Gitarre St\u00e4dtischen Konservatorium von Nizza &#8211; Redi) und k\u00fcnstlerischer Leiter des Festivals und dem St\u00e4dtischen [&hellip;]<\/p>\n","protected":false},"author":4,"featured_media":0,"comment_status":"closed","ping_status":"closed","sticky":false,"template":"","format":"standard","meta":{"ngg_post_thumbnail":0,"footnotes":""},"categories":[1],"tags":[],"aioseo_notices":[],"_links":{"self":[{"href":"https:\/\/www.amfikaia.gr\/de\/wp-json\/wp\/v2\/posts\/2315"}],"collection":[{"href":"https:\/\/www.amfikaia.gr\/de\/wp-json\/wp\/v2\/posts"}],"about":[{"href":"https:\/\/www.amfikaia.gr\/de\/wp-json\/wp\/v2\/types\/post"}],"author":[{"embeddable":true,"href":"https:\/\/www.amfikaia.gr\/de\/wp-json\/wp\/v2\/users\/4"}],"replies":[{"embeddable":true,"href":"https:\/\/www.amfikaia.gr\/de\/wp-json\/wp\/v2\/comments?post=2315"}],"version-history":[{"count":0,"href":"https:\/\/www.amfikaia.gr\/de\/wp-json\/wp\/v2\/posts\/2315\/revisions"}],"wp:attachment":[{"href":"https:\/\/www.amfikaia.gr\/de\/wp-json\/wp\/v2\/media?parent=2315"}],"wp:term":[{"taxonomy":"category","embeddable":true,"href":"https:\/\/www.amfikaia.gr\/de\/wp-json\/wp\/v2\/categories?post=2315"},{"taxonomy":"post_tag","embeddable":true,"href":"https:\/\/www.amfikaia.gr\/de\/wp-json\/wp\/v2\/tags?post=2315"}],"curies":[{"name":"wp","href":"https:\/\/api.w.org\/{rel}","templated":true}]}}